{"id":2992,"date":"2026-07-16T12:37:55","date_gmt":"2026-07-16T12:37:55","guid":{"rendered":"https:\/\/www.ioc.it\/?p=2992"},"modified":"2026-07-16T12:37:56","modified_gmt":"2026-07-16T12:37:56","slug":"how-to-choose-a-custom-executive-desk-brera25-faq","status":"publish","type":"post","link":"https:\/\/www.ioc.it\/it\/news\/how-to-choose-a-custom-executive-desk-brera25-faq\/","title":{"rendered":"Come scegliere una scrivania direzionale su misura? Domande frequenti su Brera25"},"content":{"rendered":"<p class=\"wp-block-paragraph\">Per le aziende prestigiose e i professionisti di alto livello, scegliere il perfetto <strong>scrivania direzionale su misura<\/strong> \u00e8 fondamentale per trasmettere autorevolezza garantendo al contempo il comfort quotidiano. Un approccio su misura consente ad architetti e clienti di progettare uno spazio di lavoro che si adatti perfettamente alle loro esigenze operative e ai vincoli spaziali. Siamo consapevoli che le principali multinazionali non si accontentano di un semplice elemento d\u2019arredo standard. Hanno bisogno di un ambiente che rifletta i loro valori fondamentali. Attraverso sistemi avanzati come il <em><a href=\"https:\/\/www.ioc.it\/it\/products\/brera25\/\" data-type=\"products\" data-id=\"387\">Brera25<\/a><\/em> collezione, <em>Partner del progetto CIO<\/em> offre soluzioni altamente personalizzate che coniugano l\u2019artigianato italiano con la massima flessibilit\u00e0 funzionale. Ci\u00f2 consente a ogni dirigente di disporre di uno spazio di lavoro progettato su misura per la propria routine professionale.<\/p>\n\n\n\n<h2 class=\"wp-block-heading\">Cosa contraddistingue una vera scrivania direzionale su misura?<\/h2>\n\n\n\n<p class=\"wp-block-paragraph\">Un vero <strong>scrivania direzionale su misura<\/strong> va ben oltre la semplice scelta del colore di una superficie o di un materiale di base. Implica un livello profondo di personalizzazione estrema in termini di disposizione, adattandosi in modo specifico alle funzioni richieste dall\u2019utente e allo spazio disponibile. Per architetti e designer, disporre di un sistema altamente adattabile significa poter creare uno spazio di lavoro su misura al millimetro. Diamo priorit\u00e0 a <strong>organizzazione spaziale flessibile<\/strong>, consentendo ai professionisti di configurare ogni aspetto dell\u2019unit\u00e0. Ci\u00f2 include la scelta della disposizione dei vani portaoggetti, la selezione del tipo di scrivania di ritorno e l\u2019integrazione di un sistema di gestione dei cavi a scomparsa. Considerando la scrivania come un elemento architettonico modulare, offriamo ai clienti la possibilit\u00e0 di creare un <strong>ambiente di lavoro altamente funzionale<\/strong> che si adatta perfettamente alle loro abitudini quotidiane.<\/p>\n\n\n\n<figure class=\"wp-block-image size-large\"><img fetchpriority=\"high\" decoding=\"async\" width=\"1024\" height=\"614\" src=\"https:\/\/www.ioc.it\/wp-content\/uploads\/2026\/07\/IOC_Brera25_render-catalogo-9-1024x614.jpg\" alt=\"\" class=\"wp-image-2995\" srcset=\"https:\/\/www.ioc.it\/wp-content\/uploads\/2026\/07\/IOC_Brera25_render-catalogo-9-1024x614.jpg 1024w, https:\/\/www.ioc.it\/wp-content\/uploads\/2026\/07\/IOC_Brera25_render-catalogo-9-300x180.jpg 300w, https:\/\/www.ioc.it\/wp-content\/uploads\/2026\/07\/IOC_Brera25_render-catalogo-9-768x461.jpg 768w, https:\/\/www.ioc.it\/wp-content\/uploads\/2026\/07\/IOC_Brera25_render-catalogo-9-1536x922.jpg 1536w, https:\/\/www.ioc.it\/wp-content\/uploads\/2026\/07\/IOC_Brera25_render-catalogo-9-2048x1229.jpg 2048w, https:\/\/www.ioc.it\/wp-content\/uploads\/2026\/07\/IOC_Brera25_render-catalogo-9-18x12.jpg 18w\" sizes=\"(max-width: 1024px) 100vw, 1024px\" \/><\/figure>\n\n\n\n<h2 class=\"wp-block-heading\">Perch\u00e9 una scrivania direzionale su misura \u00e8 fondamentale per l'immagine aziendale?<\/h2>\n\n\n\n<p class=\"wp-block-paragraph\">Soprattutto nel mercato nordamericano, l\u2019ufficio dirigenziale rappresenta un potente status symbol. Quando si ospitano partner importanti, lo spazio deve trasmettere stabilit\u00e0, prestigio e qualit\u00e0 senza compromessi. Tra i nostri clienti figurano solitamente settori particolarmente esigenti quali:<\/p>\n\n\n\n<ul class=\"wp-block-list\">\n<li>Grandi multinazionali<\/li>\n\n\n\n<li>Importanti studi legali specializzati in diritto societario<\/li>\n\n\n\n<li>Principali banche d'investimento internazionali<\/li>\n<\/ul>\n\n\n\n<p class=\"wp-block-paragraph\">Per queste istituzioni, un <strong>scrivania direzionale su misura<\/strong> \u00e8 un riflesso diretto della loro identit\u00e0 aziendale. Le scelte estetiche e la qualit\u00e0 tangibile dei materiali devono trasmettere autorevolezza. Ci assicuriamo che ogni superficie, giunzione e finitura soddisfi i pi\u00f9 elevati standard di <strong>design di uffici di lusso<\/strong>. Uno spazio allestito con eleganza non solo colpisce i visitatori, ma rafforza anche un senso di fiducia e di successo consolidato. Trasforma una semplice stanza in un <strong>prestigiosa suite di rappresentanza<\/strong>.<\/p>\n\n\n\n<h2 class=\"wp-block-heading\">In che modo il sistema Brera25 incarna questo approccio personalizzato?<\/h2>\n\n\n\n<p class=\"wp-block-paragraph\">Il <em>Brera25<\/em> Questo sistema incarna perfettamente la nostra visione di uno spazio di lavoro altamente personalizzato. Il concetto alla base di questo prodotto risiede nel suo caratteristico telaio esterno, che presenta un design distintivo <strong>dettaglio del giunto doppio a 45 gradi<\/strong>. Questa lavorazione artigianale di precisione conferisce al guscio esterno un aspetto raffinato e pulito, creando un elegante effetto di sospensione. Poich\u00e9 il design di base \u00e8 cos\u00ec solido, funge da perfetta tela per una personalizzazione estrema. Offriamo una vasta gamma di <strong>combinazioni di materiali di alta qualit\u00e0<\/strong>, tra cui impiallacciature in legno naturale, laccature opache o lucide, elegante vetro verniciato sul retro e metalli raffinati. Questa variet\u00e0 garantisce agli architetti la possibilit\u00e0 di specificare un <strong>espressione materiale unica<\/strong> che rispecchi l\u2019immagine coordinata o lo stile architettonico specifico della sede centrale del cliente.<\/p>\n\n\n\n<figure class=\"wp-block-image size-large\"><img decoding=\"async\" width=\"1024\" height=\"819\" src=\"https:\/\/www.ioc.it\/wp-content\/uploads\/2026\/07\/IOC_Brera25-desking-system-1024x819.jpg\" alt=\"\" class=\"wp-image-2996\" srcset=\"https:\/\/www.ioc.it\/wp-content\/uploads\/2026\/07\/IOC_Brera25-desking-system-1024x819.jpg 1024w, https:\/\/www.ioc.it\/wp-content\/uploads\/2026\/07\/IOC_Brera25-desking-system-300x240.jpg 300w, https:\/\/www.ioc.it\/wp-content\/uploads\/2026\/07\/IOC_Brera25-desking-system-768x614.jpg 768w, https:\/\/www.ioc.it\/wp-content\/uploads\/2026\/07\/IOC_Brera25-desking-system-1536x1229.jpg 1536w, https:\/\/www.ioc.it\/wp-content\/uploads\/2026\/07\/IOC_Brera25-desking-system-15x12.jpg 15w, https:\/\/www.ioc.it\/wp-content\/uploads\/2026\/07\/IOC_Brera25-desking-system.jpg 1766w\" sizes=\"(max-width: 1024px) 100vw, 1024px\" \/><\/figure>\n\n\n\n<h2 class=\"wp-block-heading\">Quali configurazioni di disposizione si adattano meglio allo spazio disponibile?<\/h2>\n\n\n\n<p class=\"wp-block-paragraph\">Il vero punto di forza del nostro approccio sta nel consentire ai clienti di creare una scrivania che si adatti perfettamente allo spazio a loro disposizione. Ogni ufficio ha dimensioni uniche e un mobile rigido non pu\u00f2 semplicemente sfruttare al massimo il potenziale della stanza. Noi offriamo <strong>componenti modulari versatili<\/strong> che pu\u00f2 essere adattata sia a piccoli uffici privati che a ampie suite direzionali. Gli architetti possono progettare una grande configurazione indipendente posizionata al centro della stanza per ottenere il massimo effetto, oppure una disposizione integrata nella parete che lasci ampio spazio alle aree di conversazione. Offrendo varie <strong>soluzioni strutturali su misura<\/strong>, garantiamo che i mobili valorizzino sempre le proporzioni della stanza. La disposizione che ne risulta \u00e8 una <strong>spazio di lavoro dalle proporzioni perfette<\/strong> che coniuga aree dedicate alla concentrazione con zone collaborative.<\/p>\n\n\n\n<figure class=\"wp-block-table\"><table><thead><tr><th>Tipo di configurazione<\/th><th>L'ambiente di lavoro ideale<\/th><th>Elementi chiave di personalizzazione<\/th><\/tr><\/thead><tbody><tr><td>Disposizione a penisola fissa<\/td><td>Uffici privati compatti<\/td><td>Soluzioni di contenimento a incasso, finiture personalizzate<\/td><\/tr><tr><td>Disposizione centrale indipendente<\/td><td>Ampie suite presidenziali<\/td><td>Mobili contenitori a doppia struttura, con vassoi in filo metallico coordinati<\/td><\/tr><tr><td>Disposizione dinamica delle panchine<\/td><td>Spazi direzionali condivisi<\/td><td>Altezze regolabili, schermi integrati per la privacy<\/td><\/tr><\/tbody><\/table><\/figure>\n\n\n\n<figure class=\"wp-block-image size-large\"><img decoding=\"async\" width=\"1024\" height=\"614\" src=\"https:\/\/www.ioc.it\/wp-content\/uploads\/2026\/07\/IOC_Brera25_render-catalogo-23-1024x614.jpg\" alt=\"\" class=\"wp-image-2997\" srcset=\"https:\/\/www.ioc.it\/wp-content\/uploads\/2026\/07\/IOC_Brera25_render-catalogo-23-1024x614.jpg 1024w, https:\/\/www.ioc.it\/wp-content\/uploads\/2026\/07\/IOC_Brera25_render-catalogo-23-300x180.jpg 300w, https:\/\/www.ioc.it\/wp-content\/uploads\/2026\/07\/IOC_Brera25_render-catalogo-23-768x461.jpg 768w, https:\/\/www.ioc.it\/wp-content\/uploads\/2026\/07\/IOC_Brera25_render-catalogo-23-1536x922.jpg 1536w, https:\/\/www.ioc.it\/wp-content\/uploads\/2026\/07\/IOC_Brera25_render-catalogo-23-2048x1229.jpg 2048w, https:\/\/www.ioc.it\/wp-content\/uploads\/2026\/07\/IOC_Brera25_render-catalogo-23-18x12.jpg 18w\" sizes=\"(max-width: 1024px) 100vw, 1024px\" \/><\/figure>\n\n\n\n<h2 class=\"wp-block-heading\">Quali caratteristiche ergonomiche e funzionali sono integrate?<\/h2>\n\n\n\n<p class=\"wp-block-paragraph\">Sebbene la rappresentazione estetica sia fondamentale, diamo priorit\u00e0 anche al benessere dei dipendenti che utilizzano lo spazio. I leader moderni trascorrono molte ore alle loro postazioni di lavoro, rendendo il comfort fisico una preoccupazione primaria. Il <em>Brera25<\/em> Il sistema \u00e8 dotato di un piano di lavoro regolabile elettricamente in altezza, che consente agli utenti di alternare le posture senza sforzo nel corso della giornata. Il <strong>meccanismo di sollevamento elettronico<\/strong> \u00e8 completamente nascosto all\u2019interno di uno scomparto accessibile, garantendo che i componenti tecnici non compromettano le linee pulite del design. Inoltre, la scrivania include <strong>gestione integrata dei cavi<\/strong> grazie a pannelli di accesso superiori discreti e profili portapenne personalizzati. Riteniamo che l\u2019integrazione di questi <strong>regolazioni ergonomiche avanzate<\/strong> dimostra un impegno concreto nei confronti della salute dei dipendenti, garantendo il mantenimento dei massimi livelli di produttivit\u00e0 in condizioni di assoluto comfort.<\/p>\n\n\n\n<p class=\"wp-block-paragraph\"><\/p>\n\n\n\n<p class=\"wp-block-paragraph\"><\/p>\n\n\n\n<p class=\"wp-block-paragraph\"><\/p>","protected":false},"excerpt":{"rendered":"<p>For prestigious corporations and high-level professionals, selecting the perfect custom executive desk is critical to projecting authority while ensuring daily comfort. A tailored approach allows architects and clients to design a workspace fitted perfectly to their operational needs and spatial constraints. We recognize that leading multinationals require more than a standard piece of furniture. They [&hellip;]<\/p>\n","protected":false},"author":2,"featured_media":2993,"comment_status":"open","ping_status":"open","sticky":false,"template":"","format":"standard","meta":{"footnotes":""},"categories":[60],"tags":[],"class_list":["post-2992","post","type-post","status-publish","format-standard","has-post-thumbnail","hentry","category-news"],"yoast_head":"<!-- This site is optimized with the Yoast SEO plugin v28.3 - https:\/\/yoast.com\/product\/yoast-seo-wordpress\/ -->\n<title>How to choose a custom executive desk? Brera25 FAQ | IOC Project Partners<\/title>\n<meta name=\"description\" content=\"Discover why a custom executive desk is essential for modern leaders. We explore the Brera25 system, highlighting tailored layouts for your workspace.\" \/>\n<meta name=\"robots\" content=\"index, follow, max-snippet:-1, max-image-preview:large, max-video-preview:-1\" \/>\n<link rel=\"canonical\" href=\"https:\/\/www.ioc.it\/it\/news\/how-to-choose-a-custom-executive-desk-brera25-faq\/\" \/>\n<meta property=\"og:locale\" content=\"it_IT\" \/>\n<meta property=\"og:type\" content=\"article\" \/>\n<meta property=\"og:title\" content=\"How to choose a custom executive desk? Brera25 FAQ | IOC Project Partners\" \/>\n<meta property=\"og:description\" content=\"Discover why a custom executive desk is essential for modern leaders. We explore the Brera25 system, highlighting tailored layouts for your workspace.\" \/>\n<meta property=\"og:url\" content=\"https:\/\/www.ioc.it\/it\/news\/how-to-choose-a-custom-executive-desk-brera25-faq\/\" \/>\n<meta property=\"og:site_name\" content=\"IOC Project Partners\" \/>\n<meta property=\"article:published_time\" content=\"2026-07-16T12:37:55+00:00\" \/>\n<meta property=\"article:modified_time\" content=\"2026-07-16T12:37:56+00:00\" \/>\n<meta property=\"og:image\" content=\"https:\/\/www.ioc.it\/wp-content\/uploads\/2026\/07\/LIPNY_Confidential-Investment-Firm-BOC_CL_231202_035_NoLogo-1024x683.jpg\" \/>\n\t<meta property=\"og:image:width\" content=\"1024\" \/>\n\t<meta property=\"og:image:height\" content=\"683\" \/>\n\t<meta property=\"og:image:type\" content=\"image\/jpeg\" \/>\n<meta name=\"author\" content=\"Elisa Pessina\" \/>\n<meta name=\"twitter:card\" content=\"summary_large_image\" \/>\n<meta name=\"twitter:label1\" content=\"Scritto da\" \/>\n\t<meta name=\"twitter:data1\" content=\"Elisa Pessina\" \/>\n\t<meta name=\"twitter:label2\" content=\"Tempo di lettura stimato\" \/>\n\t<meta name=\"twitter:data2\" content=\"5 minuti\" \/>\n<script type=\"application\/ld+json\" class=\"yoast-schema-graph\">{\"@context\":\"https:\\\/\\\/schema.org\",\"@graph\":[{\"@type\":\"Article\",\"@id\":\"https:\\\/\\\/www.ioc.it\\\/news\\\/how-to-choose-a-custom-executive-desk-brera25-faq\\\/#article\",\"isPartOf\":{\"@id\":\"https:\\\/\\\/www.ioc.it\\\/news\\\/how-to-choose-a-custom-executive-desk-brera25-faq\\\/\"},\"author\":{\"name\":\"Elisa Pessina\",\"@id\":\"https:\\\/\\\/www.ioc.it\\\/#\\\/schema\\\/person\\\/e508ffe9e0adb9e0bdb93c63691ed191\"},\"headline\":\"How to choose a custom executive desk? Brera25 FAQ\",\"datePublished\":\"2026-07-16T12:37:55+00:00\",\"dateModified\":\"2026-07-16T12:37:56+00:00\",\"mainEntityOfPage\":{\"@id\":\"https:\\\/\\\/www.ioc.it\\\/news\\\/how-to-choose-a-custom-executive-desk-brera25-faq\\\/\"},\"wordCount\":772,\"commentCount\":0,\"publisher\":{\"@id\":\"https:\\\/\\\/www.ioc.it\\\/#organization\"},\"image\":{\"@id\":\"https:\\\/\\\/www.ioc.it\\\/news\\\/how-to-choose-a-custom-executive-desk-brera25-faq\\\/#primaryimage\"},\"thumbnailUrl\":\"https:\\\/\\\/www.ioc.it\\\/wp-content\\\/uploads\\\/2026\\\/07\\\/LIPNY_Confidential-Investment-Firm-BOC_CL_231202_035_NoLogo.jpg\",\"articleSection\":[\"News\"],\"inLanguage\":\"it-IT\",\"potentialAction\":[{\"@type\":\"CommentAction\",\"name\":\"Comment\",\"target\":[\"https:\\\/\\\/www.ioc.it\\\/news\\\/how-to-choose-a-custom-executive-desk-brera25-faq\\\/#respond\"]}]},{\"@type\":\"WebPage\",\"@id\":\"https:\\\/\\\/www.ioc.it\\\/news\\\/how-to-choose-a-custom-executive-desk-brera25-faq\\\/\",\"url\":\"https:\\\/\\\/www.ioc.it\\\/news\\\/how-to-choose-a-custom-executive-desk-brera25-faq\\\/\",\"name\":\"How to choose a custom executive desk? Brera25 FAQ | IOC Project Partners\",\"isPartOf\":{\"@id\":\"https:\\\/\\\/www.ioc.it\\\/#website\"},\"primaryImageOfPage\":{\"@id\":\"https:\\\/\\\/www.ioc.it\\\/news\\\/how-to-choose-a-custom-executive-desk-brera25-faq\\\/#primaryimage\"},\"image\":{\"@id\":\"https:\\\/\\\/www.ioc.it\\\/news\\\/how-to-choose-a-custom-executive-desk-brera25-faq\\\/#primaryimage\"},\"thumbnailUrl\":\"https:\\\/\\\/www.ioc.it\\\/wp-content\\\/uploads\\\/2026\\\/07\\\/LIPNY_Confidential-Investment-Firm-BOC_CL_231202_035_NoLogo.jpg\",\"datePublished\":\"2026-07-16T12:37:55+00:00\",\"dateModified\":\"2026-07-16T12:37:56+00:00\",\"description\":\"Discover why a custom executive desk is essential for modern leaders. We explore the Brera25 system, highlighting tailored layouts for your workspace.\",\"breadcrumb\":{\"@id\":\"https:\\\/\\\/www.ioc.it\\\/news\\\/how-to-choose-a-custom-executive-desk-brera25-faq\\\/#breadcrumb\"},\"inLanguage\":\"it-IT\",\"potentialAction\":[{\"@type\":\"ReadAction\",\"target\":[\"https:\\\/\\\/www.ioc.it\\\/news\\\/how-to-choose-a-custom-executive-desk-brera25-faq\\\/\"]}]},{\"@type\":\"ImageObject\",\"inLanguage\":\"it-IT\",\"@id\":\"https:\\\/\\\/www.ioc.it\\\/news\\\/how-to-choose-a-custom-executive-desk-brera25-faq\\\/#primaryimage\",\"url\":\"https:\\\/\\\/www.ioc.it\\\/wp-content\\\/uploads\\\/2026\\\/07\\\/LIPNY_Confidential-Investment-Firm-BOC_CL_231202_035_NoLogo.jpg\",\"contentUrl\":\"https:\\\/\\\/www.ioc.it\\\/wp-content\\\/uploads\\\/2026\\\/07\\\/LIPNY_Confidential-Investment-Firm-BOC_CL_231202_035_NoLogo.jpg\",\"width\":2500,\"height\":1667},{\"@type\":\"BreadcrumbList\",\"@id\":\"https:\\\/\\\/www.ioc.it\\\/news\\\/how-to-choose-a-custom-executive-desk-brera25-faq\\\/#breadcrumb\",\"itemListElement\":[{\"@type\":\"ListItem\",\"position\":1,\"name\":\"Home\",\"item\":\"https:\\\/\\\/www.ioc.it\\\/\"},{\"@type\":\"ListItem\",\"position\":2,\"name\":\"How to choose a custom executive desk? Brera25 FAQ\"}]},{\"@type\":\"WebSite\",\"@id\":\"https:\\\/\\\/www.ioc.it\\\/#website\",\"url\":\"https:\\\/\\\/www.ioc.it\\\/\",\"name\":\"IOC Project Partners\",\"description\":\"\",\"publisher\":{\"@id\":\"https:\\\/\\\/www.ioc.it\\\/#organization\"},\"potentialAction\":[{\"@type\":\"SearchAction\",\"target\":{\"@type\":\"EntryPoint\",\"urlTemplate\":\"https:\\\/\\\/www.ioc.it\\\/?s={search_term_string}\"},\"query-input\":{\"@type\":\"PropertyValueSpecification\",\"valueRequired\":true,\"valueName\":\"search_term_string\"}}],\"inLanguage\":\"it-IT\"},{\"@type\":\"Organization\",\"@id\":\"https:\\\/\\\/www.ioc.it\\\/#organization\",\"name\":\"IOC Project Partners\",\"url\":\"https:\\\/\\\/www.ioc.it\\\/\",\"logo\":{\"@type\":\"ImageObject\",\"inLanguage\":\"it-IT\",\"@id\":\"https:\\\/\\\/www.ioc.it\\\/#\\\/schema\\\/logo\\\/image\\\/\",\"url\":\"https:\\\/\\\/www.ioc.it\\\/wp-content\\\/uploads\\\/2026\\\/03\\\/logo-ioc.svg\",\"contentUrl\":\"https:\\\/\\\/www.ioc.it\\\/wp-content\\\/uploads\\\/2026\\\/03\\\/logo-ioc.svg\",\"width\":175,\"height\":42,\"caption\":\"IOC Project Partners\"},\"image\":{\"@id\":\"https:\\\/\\\/www.ioc.it\\\/#\\\/schema\\\/logo\\\/image\\\/\"},\"sameAs\":[\"https:\\\/\\\/www.instagram.com\\\/iocprojectpartners\\\/\",\"https:\\\/\\\/www.linkedin.com\\\/company\\\/ioc-lema-group\\\/\"]},{\"@type\":\"Person\",\"@id\":\"https:\\\/\\\/www.ioc.it\\\/#\\\/schema\\\/person\\\/e508ffe9e0adb9e0bdb93c63691ed191\",\"name\":\"Elisa Pessina\",\"image\":{\"@type\":\"ImageObject\",\"inLanguage\":\"it-IT\",\"@id\":\"https:\\\/\\\/secure.gravatar.com\\\/avatar\\\/78d95242b5b0b6b495d28425075a160d8fb0b4526faa4d996ffdf01e84348f4a?s=96&d=mm&r=g\",\"url\":\"https:\\\/\\\/secure.gravatar.com\\\/avatar\\\/78d95242b5b0b6b495d28425075a160d8fb0b4526faa4d996ffdf01e84348f4a?s=96&d=mm&r=g\",\"contentUrl\":\"https:\\\/\\\/secure.gravatar.com\\\/avatar\\\/78d95242b5b0b6b495d28425075a160d8fb0b4526faa4d996ffdf01e84348f4a?s=96&d=mm&r=g\",\"caption\":\"Elisa Pessina\"}}]}<\/script>\n<!-- \/ Yoast SEO plugin. -->","yoast_head_json":{"title":"Come scegliere una scrivania direzionale su misura? Domande frequenti su Brera25 | IOC Project Partners","description":"Scopri perch\u00e9 una scrivania direzionale su misura \u00e8 indispensabile per i leader moderni. Esploriamo il sistema Brera25, mettendo in evidenza le configurazioni personalizzate per il tuo spazio di lavoro.","robots":{"index":"index","follow":"follow","max-snippet":"max-snippet:-1","max-image-preview":"max-image-preview:large","max-video-preview":"max-video-preview:-1"},"canonical":"https:\/\/www.ioc.it\/it\/news\/how-to-choose-a-custom-executive-desk-brera25-faq\/","og_locale":"it_IT","og_type":"article","og_title":"How to choose a custom executive desk? Brera25 FAQ | IOC Project Partners","og_description":"Discover why a custom executive desk is essential for modern leaders. We explore the Brera25 system, highlighting tailored layouts for your workspace.","og_url":"https:\/\/www.ioc.it\/it\/news\/how-to-choose-a-custom-executive-desk-brera25-faq\/","og_site_name":"IOC Project Partners","article_published_time":"2026-07-16T12:37:55+00:00","article_modified_time":"2026-07-16T12:37:56+00:00","og_image":[{"width":1024,"height":683,"url":"https:\/\/www.ioc.it\/wp-content\/uploads\/2026\/07\/LIPNY_Confidential-Investment-Firm-BOC_CL_231202_035_NoLogo-1024x683.jpg","type":"image\/jpeg"}],"author":"Elisa Pessina","twitter_card":"summary_large_image","twitter_misc":{"Scritto da":"Elisa Pessina","Tempo di lettura stimato":"5 minuti"},"schema":{"@context":"https:\/\/schema.org","@graph":[{"@type":"Article","@id":"https:\/\/www.ioc.it\/news\/how-to-choose-a-custom-executive-desk-brera25-faq\/#article","isPartOf":{"@id":"https:\/\/www.ioc.it\/news\/how-to-choose-a-custom-executive-desk-brera25-faq\/"},"author":{"name":"Elisa Pessina","@id":"https:\/\/www.ioc.it\/#\/schema\/person\/e508ffe9e0adb9e0bdb93c63691ed191"},"headline":"How to choose a custom executive desk? Brera25 FAQ","datePublished":"2026-07-16T12:37:55+00:00","dateModified":"2026-07-16T12:37:56+00:00","mainEntityOfPage":{"@id":"https:\/\/www.ioc.it\/news\/how-to-choose-a-custom-executive-desk-brera25-faq\/"},"wordCount":772,"commentCount":0,"publisher":{"@id":"https:\/\/www.ioc.it\/#organization"},"image":{"@id":"https:\/\/www.ioc.it\/news\/how-to-choose-a-custom-executive-desk-brera25-faq\/#primaryimage"},"thumbnailUrl":"https:\/\/www.ioc.it\/wp-content\/uploads\/2026\/07\/LIPNY_Confidential-Investment-Firm-BOC_CL_231202_035_NoLogo.jpg","articleSection":["News"],"inLanguage":"it-IT","potentialAction":[{"@type":"CommentAction","name":"Comment","target":["https:\/\/www.ioc.it\/news\/how-to-choose-a-custom-executive-desk-brera25-faq\/#respond"]}]},{"@type":"WebPage","@id":"https:\/\/www.ioc.it\/news\/how-to-choose-a-custom-executive-desk-brera25-faq\/","url":"https:\/\/www.ioc.it\/news\/how-to-choose-a-custom-executive-desk-brera25-faq\/","name":"Come scegliere una scrivania direzionale su misura? Domande frequenti su Brera25 | IOC Project Partners","isPartOf":{"@id":"https:\/\/www.ioc.it\/#website"},"primaryImageOfPage":{"@id":"https:\/\/www.ioc.it\/news\/how-to-choose-a-custom-executive-desk-brera25-faq\/#primaryimage"},"image":{"@id":"https:\/\/www.ioc.it\/news\/how-to-choose-a-custom-executive-desk-brera25-faq\/#primaryimage"},"thumbnailUrl":"https:\/\/www.ioc.it\/wp-content\/uploads\/2026\/07\/LIPNY_Confidential-Investment-Firm-BOC_CL_231202_035_NoLogo.jpg","datePublished":"2026-07-16T12:37:55+00:00","dateModified":"2026-07-16T12:37:56+00:00","description":"Scopri perch\u00e9 una scrivania direzionale su misura \u00e8 indispensabile per i leader moderni. Esploriamo il sistema Brera25, mettendo in evidenza le configurazioni personalizzate per il tuo spazio di lavoro.","breadcrumb":{"@id":"https:\/\/www.ioc.it\/news\/how-to-choose-a-custom-executive-desk-brera25-faq\/#breadcrumb"},"inLanguage":"it-IT","potentialAction":[{"@type":"ReadAction","target":["https:\/\/www.ioc.it\/news\/how-to-choose-a-custom-executive-desk-brera25-faq\/"]}]},{"@type":"ImageObject","inLanguage":"it-IT","@id":"https:\/\/www.ioc.it\/news\/how-to-choose-a-custom-executive-desk-brera25-faq\/#primaryimage","url":"https:\/\/www.ioc.it\/wp-content\/uploads\/2026\/07\/LIPNY_Confidential-Investment-Firm-BOC_CL_231202_035_NoLogo.jpg","contentUrl":"https:\/\/www.ioc.it\/wp-content\/uploads\/2026\/07\/LIPNY_Confidential-Investment-Firm-BOC_CL_231202_035_NoLogo.jpg","width":2500,"height":1667},{"@type":"BreadcrumbList","@id":"https:\/\/www.ioc.it\/news\/how-to-choose-a-custom-executive-desk-brera25-faq\/#breadcrumb","itemListElement":[{"@type":"ListItem","position":1,"name":"Home","item":"https:\/\/www.ioc.it\/"},{"@type":"ListItem","position":2,"name":"How to choose a custom executive desk? Brera25 FAQ"}]},{"@type":"WebSite","@id":"https:\/\/www.ioc.it\/#website","url":"https:\/\/www.ioc.it\/","name":"IOC Project Partners","description":"","publisher":{"@id":"https:\/\/www.ioc.it\/#organization"},"potentialAction":[{"@type":"SearchAction","target":{"@type":"EntryPoint","urlTemplate":"https:\/\/www.ioc.it\/?s={search_term_string}"},"query-input":{"@type":"PropertyValueSpecification","valueRequired":true,"valueName":"search_term_string"}}],"inLanguage":"it-IT"},{"@type":"Organization","@id":"https:\/\/www.ioc.it\/#organization","name":"IOC Project Partners","url":"https:\/\/www.ioc.it\/","logo":{"@type":"ImageObject","inLanguage":"it-IT","@id":"https:\/\/www.ioc.it\/#\/schema\/logo\/image\/","url":"https:\/\/www.ioc.it\/wp-content\/uploads\/2026\/03\/logo-ioc.svg","contentUrl":"https:\/\/www.ioc.it\/wp-content\/uploads\/2026\/03\/logo-ioc.svg","width":175,"height":42,"caption":"IOC Project Partners"},"image":{"@id":"https:\/\/www.ioc.it\/#\/schema\/logo\/image\/"},"sameAs":["https:\/\/www.instagram.com\/iocprojectpartners\/","https:\/\/www.linkedin.com\/company\/ioc-lema-group\/"]},{"@type":"Person","@id":"https:\/\/www.ioc.it\/#\/schema\/person\/e508ffe9e0adb9e0bdb93c63691ed191","name":"Elisa Pessina","image":{"@type":"ImageObject","inLanguage":"it-IT","@id":"https:\/\/secure.gravatar.com\/avatar\/78d95242b5b0b6b495d28425075a160d8fb0b4526faa4d996ffdf01e84348f4a?s=96&d=mm&r=g","url":"https:\/\/secure.gravatar.com\/avatar\/78d95242b5b0b6b495d28425075a160d8fb0b4526faa4d996ffdf01e84348f4a?s=96&d=mm&r=g","contentUrl":"https:\/\/secure.gravatar.com\/avatar\/78d95242b5b0b6b495d28425075a160d8fb0b4526faa4d996ffdf01e84348f4a?s=96&d=mm&r=g","caption":"Elisa Pessina"}}]}},"_links":{"self":[{"href":"https:\/\/www.ioc.it\/it\/wp-json\/wp\/v2\/posts\/2992","targetHints":{"allow":["GET"]}}],"collection":[{"href":"https:\/\/www.ioc.it\/it\/wp-json\/wp\/v2\/posts"}],"about":[{"href":"https:\/\/www.ioc.it\/it\/wp-json\/wp\/v2\/types\/post"}],"author":[{"embeddable":true,"href":"https:\/\/www.ioc.it\/it\/wp-json\/wp\/v2\/users\/2"}],"replies":[{"embeddable":true,"href":"https:\/\/www.ioc.it\/it\/wp-json\/wp\/v2\/comments?post=2992"}],"version-history":[{"count":1,"href":"https:\/\/www.ioc.it\/it\/wp-json\/wp\/v2\/posts\/2992\/revisions"}],"predecessor-version":[{"id":2998,"href":"https:\/\/www.ioc.it\/it\/wp-json\/wp\/v2\/posts\/2992\/revisions\/2998"}],"wp:featuredmedia":[{"embeddable":true,"href":"https:\/\/www.ioc.it\/it\/wp-json\/wp\/v2\/media\/2993"}],"wp:attachment":[{"href":"https:\/\/www.ioc.it\/it\/wp-json\/wp\/v2\/media?parent=2992"}],"wp:term":[{"taxonomy":"category","embeddable":true,"href":"https:\/\/www.ioc.it\/it\/wp-json\/wp\/v2\/categories?post=2992"},{"taxonomy":"post_tag","embeddable":true,"href":"https:\/\/www.ioc.it\/it\/wp-json\/wp\/v2\/tags?post=2992"}],"curies":[{"name":"wp","href":"https:\/\/api.w.org\/{rel}","templated":true}]}}